{"id":17876,"date":"2024-07-18T15:00:18","date_gmt":"2024-07-18T13:00:18","guid":{"rendered":"https:\/\/www.cepisilos.com\/?p=17876"},"modified":"2024-07-18T15:00:18","modified_gmt":"2024-07-18T13:00:18","slug":"newsletter-interna-luglio","status":"publish","type":"post","link":"https:\/\/www.cepisilos.com\/it\/newsletter-interna-luglio\/","title":{"rendered":"Newsletter interna Luglio 2024"},"content":{"rendered":"<div class=\"fusion-fullwidth fullwidth-box fusion-builder-row-1 fusion-flex-container nonhundred-percent-fullwidth non-hundred-percent-height-scrolling\" style=\"--awb-border-radius-top-left:0px;--awb-border-radius-top-right:0px;--awb-border-radius-bottom-right:0px;--awb-border-radius-bottom-left:0px;--awb-flex-wrap:wrap;\" ><div class=\"fusion-builder-row fusion-row fusion-flex-align-items-flex-start fusion-flex-content-wrap\" style=\"max-width:1331.2px;margin-left: calc(-4% \/ 2 );margin-right: calc(-4% \/ 2 );\"><div class=\"fusion-layout-column fusion_builder_column fusion-builder-column-0 fusion_builder_column_1_1 1_1 fusion-flex-column\" style=\"--awb-bg-blend:overlay;--awb-bg-size:cover;--awb-width-large:100%;--awb-margin-top-large:0px;--awb-spacing-right-large:1.92%;--awb-margin-bottom-large:0px;--awb-spacing-left-large:1.92%;--awb-width-medium:100%;--awb-spacing-right-medium:1.92%;--awb-spacing-left-medium:1.92%;--awb-width-small:100%;--awb-spacing-right-small:1.92%;--awb-spacing-left-small:1.92%;\"><div class=\"fusion-column-wrapper fusion-flex-justify-content-flex-start fusion-content-layout-column\"><div class=\"fusion-text fusion-text-1\"><p>Cari colleghi, siamo felici di trasmettervi la nuova newsletter interna. L\u2019estate \u00e8 arrivata e con lei tante news: dal premio Welfare Champion alla chiacchierata con Marco Ricci, dalla presenza di CEPI in fiere ed eventi, fino ad alcuni reminder.<\/p>\n<p>Ricordiamo a tutti, inoltre, che la sezione Bollettino sul nostro sito \u00e8 attiva: consultatela per restare aggiornati sulle ultime novit\u00e0 CEPI.<\/p>\n<p>Vi siete gi\u00e0 iscritti alla nostra Community Whatsapp? Salvate in rubrica il numero +39 375 834 9481 e riceverete tutte le newsletter e le informative di CEPI anche sul vostro telefono, per leggerle anche sotto l\u2019ombrellone!\u26f1\ufe0f<br \/>\nBuona lettura\u2026e buona estate \ud83d\ude0e<\/p>\n<hr \/>\n<h2>CEPI si riconferma Welfare Champion!<\/h2>\n<p class=\"xmsonormal\" style=\"text-align: justify;\"><span style=\"font-size: 12.0pt;\">Comitato Welfare | Corinna Crippa, Costanza Evangelisti, Stefania Montalti, Sara Panzavolta, Davide Saputo <\/span><\/p>\n<p class=\"xmsonormal\" style=\"text-align: justify;\"><span style=\"font-size: 12.0pt;\">CEPI si riconferma <b>Welfare Champion<\/b> nell\u2019ambito di <b>Welfare Index PMI 2024<\/b>, una selezione promossa da Generali Italia delle piccole medie imprese italiane pi\u00f9 virtuose in ambito welfare.<\/span><\/p>\n<p class=\"xmsonormal\" style=\"text-align: justify;\"><span style=\"font-size: 12.0pt;\">La cerimonia si \u00e8 svolta <b>gioved\u00ec 13 giugno<\/b> scorso a Roma e ha visto il nostro <b>Davide Saputo<\/b>, HSE e Direttore di Fabbrica, in rappresentanza di CEPI come membro del comitato per il Welfare. \u201cLa qualit\u00e0 non riguarda solo il prodotto, ma anche la cura delle persone che lo costruiscono&#8221;, afferma Davide.<\/span><\/p>\n<p class=\"xmsonormal\" style=\"text-align: justify;\"><span style=\"font-size: 12.0pt;\">Scopri di pi\u00f9: leggi la <b><a href=\"https:\/\/www.linkedin.com\/feed\/update\/urn:li:activity:7213899219802218496\">news su Linkedin<\/a><\/b> oppure <b><a href=\"https:\/\/www.cepisilos.com\/it\/cepi-si-riconferma-welfare-champion\/\">sul nostro sito<\/a><\/b>.<\/span><\/p>\n<hr \/>\n<h2 class=\"fusion-responsive-typography-calculated\" style=\"--fontsize: 24; line-height: 1.4;\" data-fontsize=\"24\" data-lineheight=\"33.6px\">Gestendo l\u2019ordinario e il futuro: l\u2019intervista a Marco Ricci<\/h2>\n<p class=\"xmsonormal\" style=\"text-align: justify;\"><span style=\"font-size: 12.0pt;\">Nell\u2019ambito delle nostre interviste alle Persone di CEPI, abbiamo avuto il piacere di scambiare quattro chiacchiere con <b>Marco Ricci<\/b>, Direttore di Produzione in CEPI dal 2009. Marco supervisiona vari dipartimenti e gestisce sia la pianificazione futura che le attivit\u00e0 di produzione quotidiane, calendarizzando il lavoro di tutti i dipartimenti e utilizzando software gestionali.<\/span><\/p>\n<p class=\"xmsonormal\" style=\"text-align: justify;\"><span style=\"font-size: 12.0pt;\">Il <b>rapporto con le persone<\/b> \u00e8 alla base del lavoro di Marco, infatti ci dice: \u201cIl mio quotidiano \u00e8 una ripianificazione continua, che faccio attraverso un continuo relazionarmi con i colleghi degli altri dipartimenti\u201d. <\/span><\/p>\n<p class=\"xmsonormal\" style=\"text-align: justify;\"><span style=\"font-size: 12.0pt;\">Potete leggere l\u2019intervista completa a questo <b><a href=\"https:\/\/www.cepisilos.com\/it\/marco-ricci-gestione-dellordinario-e-gestione-del-futuro\/\">link<\/a><\/b>. <\/span><\/p>\n<hr \/>\n<h2 class=\"fusion-responsive-typography-calculated\" style=\"--fontsize: 24; line-height: 1.4;\" data-fontsize=\"24\" data-lineheight=\"33.6px\">Prossime fiere ed eventi<\/h2>\n<p>Giulia Raggi | Marketing | graggi@cepisilos.com<\/p>\n<p class=\"xmsonormal\" style=\"text-align: justify;\"><span style=\"font-size: 12.0pt;\">Fipan | 23-26 luglio | San Paolo, Brasile<\/span><\/p>\n<p class=\"xmsonormal\" style=\"text-align: justify;\"><span style=\"font-size: 12.0pt;\">Anutec | 28-30 agosto | Mumbai, India<\/span><\/p>\n<p class=\"xmsonormal\" style=\"text-align: justify;\"><span style=\"font-size: 12.0pt;\">In questa calda estate, i nostri Area Manager non si fermano: in bocca al lupo al nostro Enrico Barduzzi per il suo viaggio in Brasile e a Tomas Zavalloni, che rappresenter\u00e0 CEPI in India a fine agosto. Per restare sempre aggiornati sui prossimi appuntamenti, <\/span><a href=\"https:\/\/www.cepisilos.com\/it\/news\/\"><b><span style=\"font-size: 12.0pt;\">seguite le nostre news<\/span><\/b><\/a><span style=\"font-size: 12.0pt;\"> o la <b><a href=\"https:\/\/www.linkedin.com\/company\/18065529\/admin\/feed\/posts\/\">pagina Linkedin<\/a><\/b>!<\/span><\/p>\n<p>&nbsp;<\/p>\n<hr \/>\n<p class=\"xmsonormal\" style=\"margin-bottom: 12.0pt;\"><span style=\"color: #000000;\"><b><span style=\"font-size: 18pt;\">Promemoria vaccinazione antitetanica<\/span><\/b><\/span><\/p>\n<p class=\"xmsonormal\" style=\"margin-bottom: 12.0pt;\"><span style=\"font-size: 12.0pt;\">Sara Panzavolta | RSPP | <a href=\"mailto:spanzavolta@cepisilos.com\">spanzavolta@cepisilos.com<\/a><\/span><\/p>\n<p class=\"xmsonormal\" style=\"margin-bottom: 12.0pt;\"><span style=\"font-size: 12.0pt;\">Vi trasmettiamo un\u2019importante comunicazione in ambito della Medicina del Lavoro. <\/span><\/p>\n<p class=\"xmsonormal\" style=\"margin-bottom: 12.0pt;\"><span style=\"font-size: 12.0pt;\">A tutto il personale della Produzione e agli impiegati tecnici: vi ricordiamo di provvedere autonomamente al rinnovo della vaccinazione antitetanica qualora fosse in scadenza, in quanto prescritto dalla legge n. 292 del 5 marzo 1963 in materia di obbligatoriet\u00e0 della vaccinazione antitetanica per i dipendenti del settore metalmeccanico (produzione e impiegati tecnici). Grazie della vostra collaborazione.<\/span><\/p>\n<hr \/>\n<p class=\"xmsonormal\" style=\"margin-bottom: 12.0pt;\"><span style=\"color: #000000;\"><b><span style=\"font-size: 18pt;\">Riparte il Corso di Excel: seconda parte al via<\/span><\/b><b><span style=\"font-size: 18.0pt;\"> da settembre<\/span><\/b><\/span><\/p>\n<p class=\"xmsonormal\" style=\"margin-bottom: 12.0pt;\"><span style=\"font-size: 12.0pt;\">Sara Panzavolta | RSPP | <a href=\"mailto:spanzavolta@cepisilos.com\">spanzavolta@cepisilos.com<\/a><\/span><\/p>\n<p class=\"xmsonormal\" style=\"margin-bottom: 12.0pt;\"><span style=\"font-size: 12.0pt;\">Come vi \u00e8 stato comunicato da Sara nei giorni scorsi, sono state rese note le date della seconda parte del Corso di formazione su Excel, facente parte del progetto formativo ATENA: la prima lezione si terr\u00e0 il 19 settembre.<\/span><\/p>\n<p class=\"xmsonormal\" style=\"margin-bottom: 12.0pt;\"><span style=\"font-size: 12.0pt;\">Controllate la vostra casella di posta per conoscere i vostri orari di lezione: in caso di dubbi o necessit\u00e0 potete fare riferimento a Sara <a href=\"spanzavolta@cepisilos.com\">spanzavolta@cepisilos.com<\/a>. <\/span><\/p>\n<p>&nbsp;<\/p>\n<hr \/>\n<h2 class=\"fusion-responsive-typography-calculated\" style=\"--fontsize: 24; line-height: 1.4;\" data-fontsize=\"24\" data-lineheight=\"33.6px\">Nuovi assunti<\/h2>\n<p>Costanza Evangelisti | Risorse Umane | cevangelisti@cepisilos.com<\/p>\n<p>Diamo il benvenuto ufficiale in squadra a Francesco Paolucci, saldatore in officina meccanica e a Francesco Decarli sempre in officina meccanica!<br \/>\n.<\/p>\n<hr \/>\n<h2><strong>CEPI \u00e8 partner del progetto Hub@fo<\/strong><\/h2>\n<p class=\"xmsonormal\" style=\"margin-bottom: 12.0pt;\"><span style=\"font-size: 12.0pt;\">Comitato Formazione | Sandra Ceccarelli, Costanza Evangelisti, Stefania Montalti, Sara Panzavolta, Davide Saputo<\/span><\/p>\n<p class=\"xmsonormal\" style=\"text-align: justify;\">\u00a0<span style=\"font-size: 12.0pt;\">Vogliamo ringraziare di cuore i ragazzi del centro di aggregazione giovanile e le referenti della Cooperativa Sociale L&#8217;Accoglienza di Forl\u00ec, che sono venuti a trovarci venerd\u00ec 28 giugno in CEPI, accolti dal nostro Davide Saputo. <\/span><\/p>\n<p class=\"xmsonormal\" style=\"margin-bottom: 12.0pt;\"><span style=\"font-size: 12.0pt;\">Scopri di pi\u00f9: leggi la <b><a href=\"https:\/\/www.linkedin.com\/feed\/update\/urn:li:activity:7217122448226320386\">news su Linkedin<\/a><\/b> oppure <b><a href=\"https:\/\/www.cepisilos.com\/it\/hubfo-in-visita\/\">sul nostro sito<\/a>.<\/b><\/span><\/p>\n<p>_____________________________________________________________________________________________________________________________________<\/p>\n<h2>Sportello d\u2019ascolto<\/h2>\n<p>Dottoressa Enrica Severi | Sala Infermeria | enrica.severi@gmail.com<\/p>\n<p>Le prossime date di ricevimento della Dottoressa Severi saranno:<\/p>\n<ul>\n<li><strong>31 luglio, orario 12-16<\/strong><\/li>\n<li><strong>7 agosto, orario 12-16<\/strong><\/li>\n<li><strong>28 agosto, orario 12-16<\/strong><\/li>\n<li><strong>11 settembre, orario 12-16<\/strong><\/li>\n<li><strong>25 settembre, orario 12-16<\/strong><\/li>\n<\/ul>\n<p class=\"xxmsonormal\" style=\"margin-bottom: 12.0pt; text-align: justify;\"><span style=\"font-size: 12.0pt;\">Per fissare un appuntamento con la Dottoressa, per la tutela della vostra privacy, potete scriverle direttamente all\u2019indirizzo indicato. <\/span><\/p>\n<p class=\"xxmsonormal\" style=\"text-align: justify;\"><span style=\"font-size: 12.0pt;\">Inoltre, ricordiamo che chi usufruisce dello sportello in pausa pranzo potr\u00e0 farlo timbrando regolarmente la pausa. Chi invece ne usufruir\u00e0 fuori dalla pausa pranzo dovr\u00e0 timbrare l\u2019uscita usufruendo, di conseguenza, di ferie e permessi.<\/span><\/p>\n<\/div><\/div><\/div><\/div><\/div>\n","protected":false},"excerpt":{"rendered":"<p>Il nuovo appuntamento della newsletter interna \u00e8 ora online!<\/p>\n","protected":false},"author":2,"featured_media":17888,"comment_status":"closed","ping_status":"open","sticky":false,"template":"","format":"standard","meta":{"content-type":"","footnotes":""},"categories":[363],"tags":[373],"class_list":["post-17876","post","type-post","status-publish","format-standard","has-post-thumbnail","hentry","category-bollettino-it","tag-newsletter-interna-it"],"yoast_head":"<!-- This site is optimized with the Yoast SEO plugin v23.8 - https:\/\/yoast.com\/wordpress\/plugins\/seo\/ -->\n<title>Newsletter interna Luglio 2024 - Cepi<\/title>\n<meta name=\"robots\" content=\"index, follow, max-snippet:-1, max-image-preview:large, max-video-preview:-1\" \/>\n<link rel=\"canonical\" href=\"https:\/\/www.cepisilos.com\/it\/newsletter-interna-luglio\/\" \/>\n<meta property=\"og:locale\" content=\"it_IT\" \/>\n<meta property=\"og:type\" content=\"article\" \/>\n<meta property=\"og:title\" content=\"Newsletter interna Luglio 2024 - Cepi\" \/>\n<meta property=\"og:description\" content=\"Il nuovo appuntamento della newsletter interna \u00e8 ora online!\" \/>\n<meta property=\"og:url\" content=\"https:\/\/www.cepisilos.com\/it\/newsletter-interna-luglio\/\" \/>\n<meta property=\"og:site_name\" content=\"Cepi\" \/>\n<meta property=\"article:published_time\" content=\"2024-07-18T13:00:18+00:00\" \/>\n<meta property=\"og:image\" content=\"https:\/\/www.cepisilos.com\/wp-content\/uploads\/2024\/07\/interna-luglio.png\" \/>\n\t<meta property=\"og:image:width\" content=\"1280\" \/>\n\t<meta property=\"og:image:height\" content=\"690\" \/>\n\t<meta property=\"og:image:type\" content=\"image\/png\" \/>\n<meta name=\"author\" content=\"cepi\" \/>\n<meta name=\"twitter:card\" content=\"summary_large_image\" \/>\n<meta name=\"twitter:label1\" content=\"Scritto da\" \/>\n\t<meta name=\"twitter:data1\" content=\"cepi\" \/>\n\t<meta name=\"twitter:label2\" content=\"Tempo di lettura stimato\" \/>\n\t<meta name=\"twitter:data2\" content=\"4 minuti\" \/>\n<script type=\"application\/ld+json\" class=\"yoast-schema-graph\">{\"@context\":\"https:\/\/schema.org\",\"@graph\":[{\"@type\":\"WebPage\",\"@id\":\"https:\/\/www.cepisilos.com\/it\/newsletter-interna-luglio\/\",\"url\":\"https:\/\/www.cepisilos.com\/it\/newsletter-interna-luglio\/\",\"name\":\"Newsletter interna Luglio 2024 - Cepi\",\"isPartOf\":{\"@id\":\"https:\/\/www.cepisilos.com\/it\/#website\"},\"primaryImageOfPage\":{\"@id\":\"https:\/\/www.cepisilos.com\/it\/newsletter-interna-luglio\/#primaryimage\"},\"image\":{\"@id\":\"https:\/\/www.cepisilos.com\/it\/newsletter-interna-luglio\/#primaryimage\"},\"thumbnailUrl\":\"https:\/\/www.cepisilos.com\/wp-content\/uploads\/2024\/07\/interna-luglio.png\",\"datePublished\":\"2024-07-18T13:00:18+00:00\",\"dateModified\":\"2024-07-18T13:00:18+00:00\",\"author\":{\"@id\":\"https:\/\/www.cepisilos.com\/it\/#\/schema\/person\/5e5efbb5871392687b96c948da2363eb\"},\"breadcrumb\":{\"@id\":\"https:\/\/www.cepisilos.com\/it\/newsletter-interna-luglio\/#breadcrumb\"},\"inLanguage\":\"it-IT\",\"potentialAction\":[{\"@type\":\"ReadAction\",\"target\":[\"https:\/\/www.cepisilos.com\/it\/newsletter-interna-luglio\/\"]}]},{\"@type\":\"ImageObject\",\"inLanguage\":\"it-IT\",\"@id\":\"https:\/\/www.cepisilos.com\/it\/newsletter-interna-luglio\/#primaryimage\",\"url\":\"https:\/\/www.cepisilos.com\/wp-content\/uploads\/2024\/07\/interna-luglio.png\",\"contentUrl\":\"https:\/\/www.cepisilos.com\/wp-content\/uploads\/2024\/07\/interna-luglio.png\",\"width\":1280,\"height\":690},{\"@type\":\"BreadcrumbList\",\"@id\":\"https:\/\/www.cepisilos.com\/it\/newsletter-interna-luglio\/#breadcrumb\",\"itemListElement\":[{\"@type\":\"ListItem\",\"position\":1,\"name\":\"Home\",\"item\":\"https:\/\/www.cepisilos.com\/it\/\"},{\"@type\":\"ListItem\",\"position\":2,\"name\":\"Newsletter interna Luglio 2024\"}]},{\"@type\":\"WebSite\",\"@id\":\"https:\/\/www.cepisilos.com\/it\/#website\",\"url\":\"https:\/\/www.cepisilos.com\/it\/\",\"name\":\"Cepi Silos Spa\",\"description\":\"Heart of Technology\",\"potentialAction\":[{\"@type\":\"SearchAction\",\"target\":{\"@type\":\"EntryPoint\",\"urlTemplate\":\"https:\/\/www.cepisilos.com\/it\/?s={search_term_string}\"},\"query-input\":{\"@type\":\"PropertyValueSpecification\",\"valueRequired\":true,\"valueName\":\"search_term_string\"}}],\"inLanguage\":\"it-IT\"},{\"@type\":\"Person\",\"@id\":\"https:\/\/www.cepisilos.com\/it\/#\/schema\/person\/5e5efbb5871392687b96c948da2363eb\",\"name\":\"cepi\"}]}<\/script>\n<!-- \/ Yoast SEO plugin. -->","yoast_head_json":{"title":"Newsletter interna Luglio 2024 - Cepi","robots":{"index":"index","follow":"follow","max-snippet":"max-snippet:-1","max-image-preview":"max-image-preview:large","max-video-preview":"max-video-preview:-1"},"canonical":"https:\/\/www.cepisilos.com\/it\/newsletter-interna-luglio\/","og_locale":"it_IT","og_type":"article","og_title":"Newsletter interna Luglio 2024 - Cepi","og_description":"Il nuovo appuntamento della newsletter interna \u00e8 ora online!","og_url":"https:\/\/www.cepisilos.com\/it\/newsletter-interna-luglio\/","og_site_name":"Cepi","article_published_time":"2024-07-18T13:00:18+00:00","og_image":[{"width":1280,"height":690,"url":"https:\/\/www.cepisilos.com\/wp-content\/uploads\/2024\/07\/interna-luglio.png","type":"image\/png"}],"author":"cepi","twitter_card":"summary_large_image","twitter_misc":{"Scritto da":"cepi","Tempo di lettura stimato":"4 minuti"},"schema":{"@context":"https:\/\/schema.org","@graph":[{"@type":"WebPage","@id":"https:\/\/www.cepisilos.com\/it\/newsletter-interna-luglio\/","url":"https:\/\/www.cepisilos.com\/it\/newsletter-interna-luglio\/","name":"Newsletter interna Luglio 2024 - Cepi","isPartOf":{"@id":"https:\/\/www.cepisilos.com\/it\/#website"},"primaryImageOfPage":{"@id":"https:\/\/www.cepisilos.com\/it\/newsletter-interna-luglio\/#primaryimage"},"image":{"@id":"https:\/\/www.cepisilos.com\/it\/newsletter-interna-luglio\/#primaryimage"},"thumbnailUrl":"https:\/\/www.cepisilos.com\/wp-content\/uploads\/2024\/07\/interna-luglio.png","datePublished":"2024-07-18T13:00:18+00:00","dateModified":"2024-07-18T13:00:18+00:00","author":{"@id":"https:\/\/www.cepisilos.com\/it\/#\/schema\/person\/5e5efbb5871392687b96c948da2363eb"},"breadcrumb":{"@id":"https:\/\/www.cepisilos.com\/it\/newsletter-interna-luglio\/#breadcrumb"},"inLanguage":"it-IT","potentialAction":[{"@type":"ReadAction","target":["https:\/\/www.cepisilos.com\/it\/newsletter-interna-luglio\/"]}]},{"@type":"ImageObject","inLanguage":"it-IT","@id":"https:\/\/www.cepisilos.com\/it\/newsletter-interna-luglio\/#primaryimage","url":"https:\/\/www.cepisilos.com\/wp-content\/uploads\/2024\/07\/interna-luglio.png","contentUrl":"https:\/\/www.cepisilos.com\/wp-content\/uploads\/2024\/07\/interna-luglio.png","width":1280,"height":690},{"@type":"BreadcrumbList","@id":"https:\/\/www.cepisilos.com\/it\/newsletter-interna-luglio\/#breadcrumb","itemListElement":[{"@type":"ListItem","position":1,"name":"Home","item":"https:\/\/www.cepisilos.com\/it\/"},{"@type":"ListItem","position":2,"name":"Newsletter interna Luglio 2024"}]},{"@type":"WebSite","@id":"https:\/\/www.cepisilos.com\/it\/#website","url":"https:\/\/www.cepisilos.com\/it\/","name":"Cepi Silos Spa","description":"Heart of Technology","potentialAction":[{"@type":"SearchAction","target":{"@type":"EntryPoint","urlTemplate":"https:\/\/www.cepisilos.com\/it\/?s={search_term_string}"},"query-input":{"@type":"PropertyValueSpecification","valueRequired":true,"valueName":"search_term_string"}}],"inLanguage":"it-IT"},{"@type":"Person","@id":"https:\/\/www.cepisilos.com\/it\/#\/schema\/person\/5e5efbb5871392687b96c948da2363eb","name":"cepi"}]}},"_links":{"self":[{"href":"https:\/\/www.cepisilos.com\/it\/wp-json\/wp\/v2\/posts\/17876"}],"collection":[{"href":"https:\/\/www.cepisilos.com\/it\/wp-json\/wp\/v2\/posts"}],"about":[{"href":"https:\/\/www.cepisilos.com\/it\/wp-json\/wp\/v2\/types\/post"}],"author":[{"embeddable":true,"href":"https:\/\/www.cepisilos.com\/it\/wp-json\/wp\/v2\/users\/2"}],"replies":[{"embeddable":true,"href":"https:\/\/www.cepisilos.com\/it\/wp-json\/wp\/v2\/comments?post=17876"}],"version-history":[{"count":3,"href":"https:\/\/www.cepisilos.com\/it\/wp-json\/wp\/v2\/posts\/17876\/revisions"}],"predecessor-version":[{"id":17969,"href":"https:\/\/www.cepisilos.com\/it\/wp-json\/wp\/v2\/posts\/17876\/revisions\/17969"}],"wp:featuredmedia":[{"embeddable":true,"href":"https:\/\/www.cepisilos.com\/it\/wp-json\/wp\/v2\/media\/17888"}],"wp:attachment":[{"href":"https:\/\/www.cepisilos.com\/it\/wp-json\/wp\/v2\/media?parent=17876"}],"wp:term":[{"taxonomy":"category","embeddable":true,"href":"https:\/\/www.cepisilos.com\/it\/wp-json\/wp\/v2\/categories?post=17876"},{"taxonomy":"post_tag","embeddable":true,"href":"https:\/\/www.cepisilos.com\/it\/wp-json\/wp\/v2\/tags?post=17876"}],"curies":[{"name":"wp","href":"https:\/\/api.w.org\/{rel}","templated":true}]}}